{"id":28839,"date":"2025-07-07T10:12:34","date_gmt":"2025-07-07T08:12:34","guid":{"rendered":"https:\/\/www.clinica-sante.com\/ro\/?p=28839"},"modified":"2026-03-20T10:34:41","modified_gmt":"2026-03-20T08:34:41","slug":"vitiligo-intelegerea-unei-afectiuni-vizibile-cu-implicatii-invizibile","status":"publish","type":"post","link":"https:\/\/www.clinica-sante.com\/ro\/vitiligo-intelegerea-unei-afectiuni-vizibile-cu-implicatii-invizibile\/","title":{"rendered":"Vitiligo: \u00een\u021belegerea unei afec\u021biuni vizibile cu implica\u021bii invizibile"},"content":{"rendered":"    <div class=\"block_cuprins_articol\">\r\n        <div class=\"block_cuprins_articol_title\">\r\n            <p>Cuprins<\/p>\r\n        <\/div>\r\n        <ol  class=\"block_cuprins_articol_list\" > \r\n                            <li>\r\n                    <span><a href=\"#titlu_1\">Ce este vitiligo?<\/a><\/span>\r\n                <\/li>\r\n                            <li>\r\n                    <span><a href=\"#titlu_2\">Cauzele apari\u021biei<\/a><\/span>\r\n                <\/li>\r\n                            <li>\r\n                    <span><a href=\"#titlu_3\">Semne \u0219i simptome<\/a><\/span>\r\n                <\/li>\r\n                            <li>\r\n                    <span><a href=\"#titlu_4\">Afec\u021biuni asociate<\/a><\/span>\r\n                <\/li>\r\n                            <li>\r\n                    <span><a href=\"#titlu_5\">Diagnostic<\/a><\/span>\r\n                <\/li>\r\n                            <li>\r\n                    <span><a href=\"#titlu_6\">Op\u021biuni de tratament<\/a><\/span>\r\n                <\/li>\r\n                            <li>\r\n                    <span><a href=\"#titlu_7\">Concluzie<\/a><\/span>\r\n                <\/li>\r\n                    <\/ol>\r\n    <\/div>\r\n    \r\n\n\n\n<div  class=\"bloc_description_section\"><p>Vitiligo este o afec\u021biune dermatologic\u0103 comun\u0103, caracterizat\u0103 prin depigmentarea anumitor zone ale pielii, ceea ce duce la apari\u021bia unor pete albe, bine delimitate, cu forme \u0219i dimensiuni variate. De\u0219i nu este o boal\u0103 contagioas\u0103 sau periculoas\u0103 pentru via\u021b\u0103, vitiligo poate avea un impact semnificativ asupra calit\u0103\u021bii vie\u021bii, din cauza implica\u021biilor estetice \u0219i emo\u021bionale.<\/p>\n<\/div>\n\n\n<div id=\"titlu_1\" class=\"bloc_title_section\">\n        <h2 style=\"color: ;\">\n                    <span style=\"color: #f58220\">1.<\/span>\n                <span style=\"color: #f58220\"> Ce este vitiligo?<\/span>    <\/h2>\n<\/div>\n\n\n<div class=\"bloc_details_sections\">\n    <div class=\"bloc_details_sections_icons\">\n                            <svg width=\"16\" height=\"17\" viewBox=\"0 0 16 17\" fill=\"none\" xmlns=\"http:\/\/www.w3.org\/2000\/svg\">\n                        <g clip-path=\"url(#clip0_1902_1526)\">\n                            <path d=\"M14.2222 0.893555H1.77778C0.8 0.893555 0 1.69355 0 2.67133V15.1158C0 16.0936 0.8 16.8936 1.77778 16.8936H14.2222C15.2 16.8936 16 16.0936 16 15.1158V2.67133C16 1.69355 15.2 0.893555 14.2222 0.893555ZM9.77778 13.338H3.55556V11.5602H9.77778V13.338ZM12.4444 9.78244H3.55556V8.00467H12.4444V9.78244ZM12.4444 6.22689H3.55556V4.44911H12.4444V6.22689Z\" fill=\"#666666\"\/>\n                        <\/g>\n                        <defs>\n                            <clipPath id=\"clip0_1902_1526\">\n                                <rect width=\"16\" height=\"16\" fill=\"white\" transform=\"translate(0 0.893555)\"\/>\n                            <\/clipPath>\n                        <\/defs>\n                    <\/svg>\n\n                        <\/div>\n    <div class=\"bloc_details_sections_details\">\n        <h2><\/h2>\n        <p><p><span style=\"color: #008080\"><strong>Vitiligo<\/strong> <\/span>este o afec\u021biune cronic\u0103, autoimun\u0103 a pielii, care determin\u0103 pierderea melaninei \u2013 pigmentul care ofer\u0103 nuan\u021ba pielii, p\u0103rului \u0219i ochilor. Acest lucru apare atunci c\u00e2nd celulele specializate \u00een producerea melaninei (melanocitele) sunt atacate \u0219i distruse sau \u00ee\u0219i pierd capacitatea de a func\u021biona normal.<\/p>\n<p>Vitiligo poate afecta persoanele de orice tip de piele, \u00eens\u0103 este mai vizibil la cei cu pielea mai \u00eenchis\u0103 la culoare, din cauza contrastului \u00eentre petele depigmentate \u0219i tegumentul s\u0103n\u0103tos. De asemenea, poate ap\u0103rea la orice v\u00e2rst\u0103, iar frecvent debutul este \u00eenainte de 20 de ani.<\/p>\n<\/p>\n    <\/div>\n<\/div>\n\n\n\n<div class=\"bloc_separator_sante\">\n    <span>sus<\/span>\n<\/div>\n\n\n<div id=\"titlu_2\" class=\"bloc_title_section\">\n        <h2 style=\"color: ;\">\n                    <span style=\"color: #f58220\">2.<\/span>\n                <span style=\"color: #f58220\">Cauzele apari\u021biei<\/span>    <\/h2>\n<\/div>\n\n\n<div  class=\"bloc_description_section\"><p>Vitiligo este considerat o boal\u0103 autoimun\u0103. \u00cen aceast\u0103 situa\u021bie, sistemul imunitar consider\u0103 \u00een mod gre\u0219it melanocitele ca fiind \u201estr\u0103ine\u201d \u0219i le atac\u0103.  Mai mult, apari\u021bia pare a fi influen\u021bat\u0103 \u0219i de o predispozi\u021bie genetic\u0103: p\u00e2n\u0103 la 30% dintre pacien\u021bi au un istoric familial de vitiligo sau prezint\u0103 \u0219i alte boli autoimune. \u00cen unele cazuri, pot fi identifica\u021bi diferi\u021bi factori declan\u0219atori sau care agraveaz\u0103 vitiligo: <\/p>\n<\/div>\n\n\n\n<div class=\"bloc-lista-simpla\">\n    <ul class=\"bloc-lista-simpla-unordonated\">                    <li class=\"bloc-lista-simpla-list\"><p>Stresul sever (fizic sau emo\u021bional)<\/p>\n<\/li>\n                                    <li class=\"bloc-lista-simpla-list\"><p>Factori chimici sau traumatisme la nivelul pielii<\/p>\n<\/li>\n                                    <li class=\"bloc-lista-simpla-list\"><p>Arsuri solare.<\/p>\n<\/li>\n                <\/ul><\/div>\n\n\n<div class=\"bloc_separator_sante\">\n    <span>sus<\/span>\n<\/div>\n\n\n<div id=\"titlu_3\" class=\"bloc_title_section\">\n        <h2 style=\"color: ;\">\n                    <span style=\"color: #f58220\">3.<\/span>\n                <span style=\"color: #f58220\">Semne \u0219i simptome<\/span>    <\/h2>\n<\/div>\n\n\n<div  class=\"bloc_description_section\"><p>Semnul distinctiv pentru vitiligo sunt petele depigmentate-albicioase, care pot ap\u0103rea pe orice parte a corpului \u0219i sunt adesea simetrice. Cel mai frecvent acestea pot fi observate la nivelul:<\/p>\n<\/div>\n\n\n\n<div class=\"bloc-lista-simpla\">\n    <ul class=\"bloc-lista-simpla-unordonated\">                    <li class=\"bloc-lista-simpla-list\"><p>Fa\u021bei (\u00een jurul ochilor \u0219i gurii)<\/p>\n<\/li>\n                                    <li class=\"bloc-lista-simpla-list\"><p>M\u00e2inilor \u0219i \u00eencheieturilor<\/p>\n<\/li>\n                                    <li class=\"bloc-lista-simpla-list\"><p>Picioarelor<\/p>\n<\/li>\n                                    <li class=\"bloc-lista-simpla-list\"><p>Axilei \u0219i zonei inghinale.<\/p>\n<\/li>\n                <\/ul><\/div>\n\n\n<div  class=\"bloc_description_section\"><p>De\u0219i pielea devine vizibil mai alb\u0103, aceasta \u00ee\u0219i p\u0103streaz\u0103 textura normal\u0103, nu este dureroas\u0103 \u0219i nu provoac\u0103 m\u00e2nc\u0103rimi. Evolu\u021bia vitiligo este imprevizibil\u0103, poate progresa lent sau rapid, iar \u00een unele cazuri se poate extinde pe aproape toat\u0103 suprafa\u021ba pielii. Totodat\u0103, exist\u0103 \u0219i forme localizate doar la nivelul unui segment, cum ar fi o parte din fa\u021b\u0103 sau o m\u00e2n\u0103\/ un picior (vitiligo segmentar). Acesta apare de obicei la v\u00e2rste mai tinere \u0219i progreseaz\u0103 maxim 1-2 ani. <\/p>\n<p>Pe l\u00e2ng\u0103 petele tegumentare caracteristice, depigmentarea poate fi observat\u0103 \u0219i la nivelul: <\/p>\n<\/div>\n\n\n\n<div class=\"bloc-lista-simpla\">\n    <ul class=\"bloc-lista-simpla-unordonated\">                    <li class=\"bloc-lista-simpla-list\"><p>P\u0103rului din zonele afectate \u2013 albire prematur\u0103 (de exemplu spr\u00e2ncenele, genele, barba)<\/p>\n<\/li>\n                                    <li class=\"bloc-lista-simpla-list\"><p>Mucoasei de la nivelul nasului sau gurii.<\/p>\n<\/li>\n                <\/ul><\/div>\n\n\n<p><\/p>\n\n\n\n<div id=\"titlu_4\" class=\"bloc_title_section\">\n        <h2 style=\"color: ;\">\n                    <span style=\"color: #f58220\">4.<\/span>\n                <span style=\"color: #f58220\">Afec\u021biuni asociate<\/span>    <\/h2>\n<\/div>\n\n\n<div class=\"bloc_details_sections\">\n    <div class=\"bloc_details_sections_icons\">\n                            <svg width=\"16\" height=\"17\" viewBox=\"0 0 16 17\" fill=\"none\" xmlns=\"http:\/\/www.w3.org\/2000\/svg\">\n                        <g clip-path=\"url(#clip0_1902_1526)\">\n                            <path d=\"M14.2222 0.893555H1.77778C0.8 0.893555 0 1.69355 0 2.67133V15.1158C0 16.0936 0.8 16.8936 1.77778 16.8936H14.2222C15.2 16.8936 16 16.0936 16 15.1158V2.67133C16 1.69355 15.2 0.893555 14.2222 0.893555ZM9.77778 13.338H3.55556V11.5602H9.77778V13.338ZM12.4444 9.78244H3.55556V8.00467H12.4444V9.78244ZM12.4444 6.22689H3.55556V4.44911H12.4444V6.22689Z\" fill=\"#666666\"\/>\n                        <\/g>\n                        <defs>\n                            <clipPath id=\"clip0_1902_1526\">\n                                <rect width=\"16\" height=\"16\" fill=\"white\" transform=\"translate(0 0.893555)\"\/>\n                            <\/clipPath>\n                        <\/defs>\n                    <\/svg>\n\n                        <\/div>\n    <div class=\"bloc_details_sections_details\">\n        <h2><\/h2>\n        <p><p><span style=\"color: #008080\"><strong>Fiind o boal\u0103 cu component\u0103 autoimun\u0103, vitiligo se poate asocia cu alte tulbur\u0103ri de acest tip, printre care:<\/strong><\/span><\/p>\n<p>\u2022 Tiroidita autoimun\u0103 \u2013 cea mai frecvent\u0103 asociere<br \/>\n\u2022 Diabetul zaharat de tip 1<br \/>\n\u2022 Insuficien\u021ba glandelor suprarenale (Boala Addison)<br \/>\n\u2022 Alopecia areata \u2013 c\u0103derea localizat\u0103 a p\u0103rului<br \/>\n\u2022 Anemia pernicioas\u0103 \u2013 o form\u0103 de anemie legat\u0103 de deficitul de vitamina B12<br \/>\n\u2022 Psoriazis<br \/>\n\u2022 Lupus eritematos sistemic sau poliartrita reumatoid\u0103, \u00een cazuri rare.<\/p>\n<\/p>\n    <\/div>\n<\/div>\n\n\n\n<div id=\"titlu_5\" class=\"bloc_title_section\">\n        <h2 style=\"color: ;\">\n                    <span style=\"color: #f58220\">5.<\/span>\n                <span style=\"color: #f58220\">Diagnostic<\/span>    <\/h2>\n<\/div>\n\n\n<div  class=\"bloc_description_section\"><p>\u00cen general diagnosticul se face pe baza examenului clinic, uneori completat de examinarea cu lampa Wood (cu lumin\u0103 ultraviolet\u0103) \u00een cadrul consultului dermatologic. \u00cen func\u021bie de alte simptome \u0219i particularit\u0103\u021bile fiec\u0103rui pacient, pot fi recomandate \u0219i diferite investiga\u021bii pentru a exclude afec\u021biuni asociate, precum disfunc\u021biile tirodiene.<\/p>\n<\/div>\n\n\n<div id=\"titlu_6\" class=\"bloc_title_section\">\n        <h2 style=\"color: ;\">\n                    <span style=\"color: #f58220\">6.<\/span>\n                <span style=\"color: #f58220\">Op\u021biuni de tratament<\/span>    <\/h2>\n<\/div>\n\n\n<div  class=\"bloc_description_section\"><p>Tratamentul urm\u0103re\u0219te oprirea progresiei bolii \u0219i, dac\u0103 este posibil, repigmentarea zonelor afectate. Actual sunt utilizate diferite tipuri de medicamente, fototerapia, terapia laser \u0219i \u00een cazuri selec\u021bionate tratamentul chirurgical. Metodele terapeutice includ:<\/p>\n<\/div>\n\n\n\n<div class=\"bloc-lista-simpla\">\n    <ul class=\"bloc-lista-simpla-unordonated\">                    <li class=\"bloc-lista-simpla-list\"><p>Creme cu corticosteroizi sau analogi de vitamina D<\/p>\n<\/li>\n                                    <li class=\"bloc-lista-simpla-list\"><p>Fototerapie (terapie cu lumin\u0103 UVB) \u2013 este o op\u021biune eficient\u0103, ce ajut\u0103 la repigmentare, \u00een special \u00een stadiile incipiente ale vitiligo.<\/p>\n<\/li>\n                                    <li class=\"bloc-lista-simpla-list\"><p>Laserul excimer \u2013 stimuleaz\u0103 repigmentarea pielii \u0219i este utilizat pentru a trata petele limitate \u0219i stabile de vitiligo.<\/p>\n<\/li>\n                                    <li class=\"bloc-lista-simpla-list\"><p>Medicamente imunomodulatoare (ex. corticosteroizi, tacrolimus)<\/p>\n<\/li>\n                                    <li class=\"bloc-lista-simpla-list\"><p>Proceduri chirurgicale (ex. grefe de piele) \u2013 pot fi utilizate pe leziuni de vitiligo stabile limitate la o zon\u0103 mic\u0103 pe piele.<\/p>\n<\/li>\n                <\/ul><\/div>\n\n\n<div  class=\"bloc_description_section\"><p>De asemenea, impactul psihosocial al vitiligo nu trebuie neglijat. Pentru unii pacien\u021bi acesta poate fi profund, afect\u00e2nd stima de sine \u0219i rela\u021biile sociale. Astfel, sprijinul psihologic \u0219i integrarea acestuia \u00een planul terapeutic sunt esen\u021biale pentru gestionarea eficient\u0103 a vitiligo.<\/p>\n<\/div>\n\n\n<div id=\"titlu_7\" class=\"bloc_title_section\">\n        <h2 style=\"color: ;\">\n                    <span style=\"color: #f58220\">7.<\/span>\n                <span style=\"color: #f58220\">Concluzie<\/span>    <\/h2>\n<\/div>\n\n\n<div class=\"bloc_details_sections\">\n    <div class=\"bloc_details_sections_icons\">\n                            <svg width=\"16\" height=\"17\" viewBox=\"0 0 16 17\" fill=\"none\" xmlns=\"http:\/\/www.w3.org\/2000\/svg\">\n                        <g clip-path=\"url(#clip0_1902_1526)\">\n                            <path d=\"M14.2222 0.893555H1.77778C0.8 0.893555 0 1.69355 0 2.67133V15.1158C0 16.0936 0.8 16.8936 1.77778 16.8936H14.2222C15.2 16.8936 16 16.0936 16 15.1158V2.67133C16 1.69355 15.2 0.893555 14.2222 0.893555ZM9.77778 13.338H3.55556V11.5602H9.77778V13.338ZM12.4444 9.78244H3.55556V8.00467H12.4444V9.78244ZM12.4444 6.22689H3.55556V4.44911H12.4444V6.22689Z\" fill=\"#666666\"\/>\n                        <\/g>\n                        <defs>\n                            <clipPath id=\"clip0_1902_1526\">\n                                <rect width=\"16\" height=\"16\" fill=\"white\" transform=\"translate(0 0.893555)\"\/>\n                            <\/clipPath>\n                        <\/defs>\n                    <\/svg>\n\n                        <\/div>\n    <div class=\"bloc_details_sections_details\">\n        <h2><\/h2>\n        <p><p><span style=\"color: #008080\"><strong>Vitiligo<\/strong><\/span> este o afec\u021biune complex\u0103, cu impact nu doar fizic, ci \u0219i psihologic. Chiar dac\u0103 nu exist\u0103 un tratament curativ definitiv, exist\u0103 metode care pot ajuta la gestionarea bolii \u0219i \u00eembun\u0103t\u0103\u021birea aspectului pielii. Consultul dermatologic este esen\u021bial pentru stabilirea unui plan de tratament personalizat \u0219i pentru identificarea posibilelor afec\u021biuni asociate.<\/p>\n<\/p>\n    <\/div>\n<\/div>\n\n\n\n<div class=\"bgOrange bloc_title_section\">\n    <div class=\"m-3\">\n     <div class=\"row\">\n        <div class=\"col-md-3 col-lg-2 borderMap \">\n        <div class=\" leftBox\">\n                <div class=\"flexMob\">\n            <svg xmlns=\"http:\/\/www.w3.org\/2000\/svg\" width=\"61\" height=\"61\" viewBox=\"0 0 61 61\" fill=\"none\">\n            <g clip-path=\"url(#clip0_15501_13162)\">\n                <path d=\"M53.8333 0.260742H7.16667C3.5 0.260742 0.533333 3.26074 0.533333 6.92741L0.5 53.5941C0.5 57.2607 3.5 60.2607 7.16667 60.2607H53.8333C57.5 60.2607 60.5 57.2607 60.5 53.5941V6.92741C60.5 3.26074 57.5 0.260742 53.8333 0.260742ZM47.1667 36.9274H37.1667V46.9274C37.1667 48.7607 35.6667 50.2607 33.8333 50.2607H27.1667C25.3333 50.2607 23.8333 48.7607 23.8333 46.9274V36.9274H13.8333C12 36.9274 10.5 35.4274 10.5 33.5941V26.9274C10.5 25.0941 12 23.5941 13.8333 23.5941H23.8333V13.5941C23.8333 11.7607 25.3333 10.2607 27.1667 10.2607H33.8333C35.6667 10.2607 37.1667 11.7607 37.1667 13.5941V23.5941H47.1667C49 23.5941 50.5 25.0941 50.5 26.9274V33.5941C50.5 35.4274 49 36.9274 47.1667 36.9274Z\" fill=\"white\"\/>\n            <\/g>\n            <defs>\n                <clipPath id=\"clip0_15501_13162\">\n                <rect width=\"60\" height=\"60\" fill=\"white\" transform=\"translate(0.5 0.260742)\"\/>\n                <\/clipPath>\n            <\/defs>\n            <\/svg>\n        <\/div>\n        <p class=\"text-white textMap\">\n            Centre de <br> recoltare                            \n        <\/p>\n        <\/div>\n    <\/div>\n    <div class=\"col-md-8 col-lg-9\">\n        <div class=\"marginDekstop\">\n      <h2 class=\"text-white mb-4\">Sun\u0103 acum la num\u0103rul scurt *8787, alege centrul de recoltare cel mai apropiat \u0219i programeaz\u0103-te pentru efectuarea analizelor. Un gest simplu care poate face o mare diferen\u021b\u0103!<\/h2>\n\n     <p class=\"text-white mb-4\">Peste 300 de centre proprii de recoltare, \u00een toate jude\u021bele \u021b\u0103rii<\/p>\n          <a href=\"https:\/\/www.clinica-sante.com\/ro\/locatii\" class=\"buttonCentre\">\n                Vezi harta loca\u021biilor\n            <i class=\"fa-solid fa-caret-right\"><\/i>\n         <\/a>\n    <\/div>\n<\/div>\n  <\/div>\n    <\/div>\n<\/div>\n\n\n\n<div  class=\"bloc_description_section\"><p><strong><span style=\"color: #f58220\">Bibliografie:<\/span><\/strong><\/p>\n<p><a href=\"https:\/\/www.ncbi.nlm.nih.gov\/books\/NBK559149\/\">https:\/\/www.ncbi.nlm.nih.gov\/books\/NBK559149\/<\/a><\/p>\n<p><a href=\"https:\/\/www.mayoclinic.org\/diseases-conditions\/vitiligo\/symptoms-causes\/syc-20355912\">https:\/\/www.mayoclinic.org\/diseases-conditions\/vitiligo\/symptoms-causes\/syc-20355912<\/a><\/p>\n<p><a href=\"https:\/\/www.niams.nih.gov\/health-topics\/vitiligo\">https:\/\/www.niams.nih.gov\/health-topics\/vitiligo<\/a><\/p>\n<\/div>","protected":false},"excerpt":{"rendered":"<p>Vitiligo este o afec\u021biune dermatologic\u0103 comun\u0103, caracterizat\u0103 prin depigmentarea anumitor zone ale pielii, ceea ce duce la apari\u021bia unor pete albe, bine delimitate, cu forme \u0219i dimensiuni variate. De\u0219i nu este o boal\u0103 contagioas\u0103 sau periculoas\u0103 pentru via\u021b\u0103, vitiligo poate avea un impact semnificativ asupra calit\u0103\u021bii vie\u021bii, din cauza implica\u021biilor estetice \u0219i emo\u021bionale.<\/p>\n","protected":false},"author":303,"featured_media":28844,"comment_status":"closed","ping_status":"open","sticky":false,"template":"","format":"standard","meta":{"_acf_changed":false,"inline_featured_image":false,"footnotes":""},"categories":[396],"tags":[],"class_list":["post-28839","post","type-post","status-publish","format-standard","has-post-thumbnail","hentry","category-util-pentru-sanatatea-ta"],"acf":[],"aioseo_notices":[],"_links":{"self":[{"href":"https:\/\/www.clinica-sante.com\/ro\/wp-json\/wp\/v2\/posts\/28839","targetHints":{"allow":["GET"]}}],"collection":[{"href":"https:\/\/www.clinica-sante.com\/ro\/wp-json\/wp\/v2\/posts"}],"about":[{"href":"https:\/\/www.clinica-sante.com\/ro\/wp-json\/wp\/v2\/types\/post"}],"author":[{"embeddable":true,"href":"https:\/\/www.clinica-sante.com\/ro\/wp-json\/wp\/v2\/users\/303"}],"replies":[{"embeddable":true,"href":"https:\/\/www.clinica-sante.com\/ro\/wp-json\/wp\/v2\/comments?post=28839"}],"version-history":[{"count":9,"href":"https:\/\/www.clinica-sante.com\/ro\/wp-json\/wp\/v2\/posts\/28839\/revisions"}],"predecessor-version":[{"id":29641,"href":"https:\/\/www.clinica-sante.com\/ro\/wp-json\/wp\/v2\/posts\/28839\/revisions\/29641"}],"wp:featuredmedia":[{"embeddable":true,"href":"https:\/\/www.clinica-sante.com\/ro\/wp-json\/wp\/v2\/media\/28844"}],"wp:attachment":[{"href":"https:\/\/www.clinica-sante.com\/ro\/wp-json\/wp\/v2\/media?parent=28839"}],"wp:term":[{"taxonomy":"category","embeddable":true,"href":"https:\/\/www.clinica-sante.com\/ro\/wp-json\/wp\/v2\/categories?post=28839"},{"taxonomy":"post_tag","embeddable":true,"href":"https:\/\/www.clinica-sante.com\/ro\/wp-json\/wp\/v2\/tags?post=28839"}],"curies":[{"name":"wp","href":"https:\/\/api.w.org\/{rel}","templated":true}]}}